{"id":621,"date":"2022-05-05T13:04:00","date_gmt":"2022-05-05T16:04:00","guid":{"rendered":"https:\/\/infourbana.com\/?p=621"},"modified":"2022-05-05T13:04:00","modified_gmt":"2022-05-05T16:04:00","slug":"arresto-domiciliario-para-el-golfista-armando-zarlenga-h","status":"publish","type":"post","link":"https:\/\/periodicodigitaltuc.com\/index.php\/2022\/05\/05\/arresto-domiciliario-para-el-golfista-armando-zarlenga-h\/","title":{"rendered":"Arresto domiciliario para el golfista, Armando Zarlenga (h)"},"content":{"rendered":"\n<p>Deber\u00e1 usar un dispositivo electr\u00f3nico, pagar una cauci\u00f3n real de $ 12.000.000 y no podr\u00e1 salir del pa\u00eds; habr\u00e1 rondas policiales en su vivienda.<\/p>\n\n\n\n<figure class=\"wp-block-image size-large\"><img decoding=\"async\" src=\"https:\/\/infourbana.com\/wp-content\/uploads\/2022\/05\/sobre-la-mate-de-luna-tragico-choque-entre-camioneta-bmw-motocicleta-foto-la-gaceta-matias-quintana-940533-093212-1024x768.jpeg\" alt=\"\" class=\"wp-image-622\"\/><\/figure>\n\n\n\n<p>Comenz\u00f3 a definirse la situaci\u00f3n de&nbsp;<strong>Armando Zarlenga (h)<\/strong>, de 31 a\u00f1os, acusado de haber acabado con la vida de dos j\u00f3venes en un accidente ocurrido hace exactamente 10 d\u00edas sobre la avenida Mate de Luna al 2.700. Esta ma\u00f1ana, durante una audiencia, el juez interviniente,&nbsp;<strong>Facundo Maggio<\/strong>, dict\u00f3 arresto domiciliario con tobillera electr\u00f3nica contra el golfista.<\/p>\n\n\n\n<p>Seg\u00fan se inform\u00f3, el magistrado interviniente revoc\u00f3 parcialmente las medidas decretadas en su momento por los defensores del acusado de homicidio culposo por conducci\u00f3n imprudente,\u00a0<strong>Carlos Atim\u00a0<\/strong>y\u00a0<strong>Ernesto Baaclini<\/strong>, quienes hab\u00edan solicitado la impugnaci\u00f3n del fallo.\u00a0<\/p>\n\n\n\n<p>Es por eso que el juez dispuso el arresto domiciliario con dispositivo electr\u00f3nico, rondas policiales, una cauci\u00f3n real de 12 millones de pesos y la prohibici\u00f3n de salir del pa\u00eds contra Zarlenga.<\/p>\n\n\n\n<p>Fuente: La Gaceta<\/p>\n","protected":false},"excerpt":{"rendered":"<p>Deber\u00e1 usar un dispositivo electr\u00f3nico, pagar una cauci\u00f3n real de $ 12.000.000 y no podr\u00e1 salir del pa\u00eds; habr\u00e1 rondas policiales en su vivienda. Comenz\u00f3 a definirse la situaci\u00f3n de&nbsp;Armando Zarlenga (h), de 31 a\u00f1os, acusado de haber acabado con la vida de dos j\u00f3venes en un accidente ocurrido hace exactamente 10 d\u00edas sobre la<\/p>\n","protected":false},"author":3,"featured_media":622,"comment_status":"open","ping_status":"open","sticky":false,"template":"","format":"standard","meta":{"om_disable_all_campaigns":false,"_monsterinsights_skip_tracking":false,"_monsterinsights_sitenote_active":false,"_monsterinsights_sitenote_note":"","_monsterinsights_sitenote_category":0,"footnotes":""},"categories":[3],"tags":[300,301,170],"class_list":["post-621","post","type-post","status-publish","format-standard","has-post-thumbnail","hentry","category-policiales","tag-choque","tag-golfista","tag-zarlenga"],"_links":{"self":[{"href":"https:\/\/periodicodigitaltuc.com\/index.php\/wp-json\/wp\/v2\/posts\/621","targetHints":{"allow":["GET"]}}],"collection":[{"href":"https:\/\/periodicodigitaltuc.com\/index.php\/wp-json\/wp\/v2\/posts"}],"about":[{"href":"https:\/\/periodicodigitaltuc.com\/index.php\/wp-json\/wp\/v2\/types\/post"}],"author":[{"embeddable":true,"href":"https:\/\/periodicodigitaltuc.com\/index.php\/wp-json\/wp\/v2\/users\/3"}],"replies":[{"embeddable":true,"href":"https:\/\/periodicodigitaltuc.com\/index.php\/wp-json\/wp\/v2\/comments?post=621"}],"version-history":[{"count":0,"href":"https:\/\/periodicodigitaltuc.com\/index.php\/wp-json\/wp\/v2\/posts\/621\/revisions"}],"wp:featuredmedia":[{"embeddable":true,"href":"https:\/\/periodicodigitaltuc.com\/index.php\/wp-json\/"}],"wp:attachment":[{"href":"https:\/\/periodicodigitaltuc.com\/index.php\/wp-json\/wp\/v2\/media?parent=621"}],"wp:term":[{"taxonomy":"category","embeddable":true,"href":"https:\/\/periodicodigitaltuc.com\/index.php\/wp-json\/wp\/v2\/categories?post=621"},{"taxonomy":"post_tag","embeddable":true,"href":"https:\/\/periodicodigitaltuc.com\/index.php\/wp-json\/wp\/v2\/tags?post=621"}],"curies":[{"name":"wp","href":"https:\/\/api.w.org\/{rel}","templated":true}]}}