{"id":5264,"date":"2025-01-01T22:11:01","date_gmt":"2025-01-02T01:11:01","guid":{"rendered":"https:\/\/periodicodigitaltuc.com\/?p=5264"},"modified":"2025-01-01T22:14:43","modified_gmt":"2025-01-02T01:14:43","slug":"catamarca-las-duras-imagenes-de-las-lesiones-de-una-madre-de-un-nino-con-autismo-que-padece-la-pirotecnia","status":"publish","type":"post","link":"https:\/\/periodicodigitaltuc.com\/index.php\/2025\/01\/01\/catamarca-las-duras-imagenes-de-las-lesiones-de-una-madre-de-un-nino-con-autismo-que-padece-la-pirotecnia\/","title":{"rendered":"#CATAMARCA LAS DURAS IM\u00c1GENES DE LAS LESIONES DE UNA MADRE DE UN NI\u00d1O CON AUTISMO QUE PADECE LA PIROTECNIA"},"content":{"rendered":"\n<figure class=\"wp-block-image size-full\"><img fetchpriority=\"high\" decoding=\"async\" width=\"720\" height=\"720\" src=\"https:\/\/periodicodigitaltuc.com\/wp-content\/uploads\/2025\/01\/471947318_1145667720597713_62178.jpg\" alt=\"\" class=\"wp-image-5265\" srcset=\"https:\/\/periodicodigitaltuc.com\/wp-content\/uploads\/2025\/01\/471947318_1145667720597713_62178.jpg 720w, https:\/\/periodicodigitaltuc.com\/wp-content\/uploads\/2025\/01\/471947318_1145667720597713_62178-300x300.jpg 300w, https:\/\/periodicodigitaltuc.com\/wp-content\/uploads\/2025\/01\/471947318_1145667720597713_62178-150x150.jpg 150w\" sizes=\"(max-width: 720px) 100vw, 720px\" \/><\/figure>\n\n\n\n<p>Eli Diaz public\u00f3 en su cuenta de Facebook lo sucedido por culpa de quienes a\u00fan no entienden y no les interesa tener un poco de empatia <img decoding=\"async\" height=\"16\" width=\"16\" alt=\"\ud83d\udc47\" src=\"https:\/\/static.xx.fbcdn.net\/images\/emoji.php\/v9\/t4f\/1\/16\/1f447.png\"><\/p>\n\n\n\n<p>\u00abDe guardia en el Hospi de Ni\u00f1os, llega una mam\u00e1 con Jos\u00e9 de 5 a\u00f1os, tiene autismo. Concurre a consulta por fiebre, pero fue inevitable no preguntarle a la mam\u00e1 por las marcas en el cuerpo de ella, con l\u00e1grimas en sus ojos y voz <a><\/a>quebrantada me comenta que desde Navidad con la PIROTECNIA aumentaron las crisis de Jos\u00e9 y ella para contenerlo lo abraza y deja que sea su descarga&#8230; Le ped\u00ed permiso para tomar im\u00e1genes y as\u00ed concientizar Lo Mal que hace la Pirotecnia, el da\u00f1o emocional que produce rompe corazones&#8230; ponete en su lugar&#8230; EMPATIZAAA!!!!<\/p>\n\n\n\n<p>Jos\u00e9 tuvo que volver a la medicaci\u00f3n de base y de rescate por las crisis que reagudizaron.<\/p>\n\n\n\n<p>Por unas fiestas sin Pirotecnia sonora!!! Por Favor\u00bb.<\/p>\n\n\n\n<figure class=\"wp-block-image size-full\"><img decoding=\"async\" width=\"720\" height=\"900\" src=\"https:\/\/periodicodigitaltuc.com\/wp-content\/uploads\/2025\/01\/471420290_1145667753931043_47992.jpg\" alt=\"\" class=\"wp-image-5266\" srcset=\"https:\/\/periodicodigitaltuc.com\/wp-content\/uploads\/2025\/01\/471420290_1145667753931043_47992.jpg 720w, https:\/\/periodicodigitaltuc.com\/wp-content\/uploads\/2025\/01\/471420290_1145667753931043_47992-240x300.jpg 240w\" sizes=\"(max-width: 720px) 100vw, 720px\" \/><\/figure>\n","protected":false},"excerpt":{"rendered":"<p>Eli Diaz public\u00f3 en su cuenta de Facebook lo sucedido por culpa de quienes a\u00fan no entienden y no les interesa tener un poco de empatia \u00abDe guardia en el Hospi de Ni\u00f1os, llega una mam\u00e1 con Jos\u00e9 de 5 a\u00f1os, tiene autismo. Concurre a consulta por fiebre, pero fue inevitable no preguntarle a la<\/p>\n","protected":false},"author":2,"featured_media":5265,"comment_status":"open","ping_status":"open","sticky":false,"template":"","format":"standard","meta":{"om_disable_all_campaigns":false,"_monsterinsights_skip_tracking":false,"_monsterinsights_sitenote_active":false,"_monsterinsights_sitenote_note":"","_monsterinsights_sitenote_category":0,"footnotes":""},"categories":[2],"tags":[589,585],"class_list":["post-5264","post","type-post","status-publish","format-standard","has-post-thumbnail","hentry","category-actualidad","tag-autismo","tag-catamarca"],"_links":{"self":[{"href":"https:\/\/periodicodigitaltuc.com\/index.php\/wp-json\/wp\/v2\/posts\/5264","targetHints":{"allow":["GET"]}}],"collection":[{"href":"https:\/\/periodicodigitaltuc.com\/index.php\/wp-json\/wp\/v2\/posts"}],"about":[{"href":"https:\/\/periodicodigitaltuc.com\/index.php\/wp-json\/wp\/v2\/types\/post"}],"author":[{"embeddable":true,"href":"https:\/\/periodicodigitaltuc.com\/index.php\/wp-json\/wp\/v2\/users\/2"}],"replies":[{"embeddable":true,"href":"https:\/\/periodicodigitaltuc.com\/index.php\/wp-json\/wp\/v2\/comments?post=5264"}],"version-history":[{"count":1,"href":"https:\/\/periodicodigitaltuc.com\/index.php\/wp-json\/wp\/v2\/posts\/5264\/revisions"}],"predecessor-version":[{"id":5267,"href":"https:\/\/periodicodigitaltuc.com\/index.php\/wp-json\/wp\/v2\/posts\/5264\/revisions\/5267"}],"wp:featuredmedia":[{"embeddable":true,"href":"https:\/\/periodicodigitaltuc.com\/index.php\/wp-json\/wp\/v2\/media\/5265"}],"wp:attachment":[{"href":"https:\/\/periodicodigitaltuc.com\/index.php\/wp-json\/wp\/v2\/media?parent=5264"}],"wp:term":[{"taxonomy":"category","embeddable":true,"href":"https:\/\/periodicodigitaltuc.com\/index.php\/wp-json\/wp\/v2\/categories?post=5264"},{"taxonomy":"post_tag","embeddable":true,"href":"https:\/\/periodicodigitaltuc.com\/index.php\/wp-json\/wp\/v2\/tags?post=5264"}],"curies":[{"name":"wp","href":"https:\/\/api.w.org\/{rel}","templated":true}]}}