{"id":5197,"date":"2024-06-06T12:12:35","date_gmt":"2024-06-06T15:12:35","guid":{"rendered":"https:\/\/periodicodigitaltuc.com\/?p=5197"},"modified":"2024-06-06T12:12:36","modified_gmt":"2024-06-06T15:12:36","slug":"milei-vamos-a-despedir-a-50-mil-personas-mas","status":"publish","type":"post","link":"https:\/\/periodicodigitaltuc.com\/index.php\/2024\/06\/06\/milei-vamos-a-despedir-a-50-mil-personas-mas\/","title":{"rendered":"MILEI: \u201cVAMOS A DESPEDIR A 50 MIL PERSONAS MAS\u201d"},"content":{"rendered":"\n<p><\/p>\n\n\n\n<p>El Presidente particip\u00f3 este mi\u00e9rcoles en el cierre del Latam Economic Forum 2024, que se realiz\u00f3 en el complejo Parque Norte.<\/p>\n\n\n\n<p>El jefe de Estado defini\u00f3 como \u201cdegenerados fiscales\u201d a los diputados nacionales que impulsaron el proyecto legislativo que fue aprobado en la C\u00e1mara baja.<\/p>\n\n\n\n<p><a><\/a>\u201cCada vez que los degenerados fiscales de la pol\u00edtica quieran romper el equilibrio fiscal, se los digo yo, lo dije antes, lo digo ahora y lo voy a repetir hasta el cansancio: \u00a1les voy a vetar todo, me importa tres carajos!\u201d, enfatiz\u00f3 el jefe de Estado durante su exposici\u00f3n.<\/p>\n\n\n\n<p>Adem\u00e1s, anticip\u00f3 que echar\u00e1 a 50.000 empleados p\u00fablicos m\u00e1s: \u201cMi frase m\u00e1s conocida es \u2018afuera\u2019. Y est\u00e1n haciendo campa\u00f1a en todo el mundo con el \u2018afuera\u2019. Signific\u00f3 llevar los ministerios a la mitad. Eso fue reducir el Estado a la mitad. Vamos a terminar echando a 75.000 personas; llevamos 25.000\u2033.<\/p>\n\n\n\n<p><a href=\"https:\/\/www.facebook.com\/hashtag\/milei?__eep__=6&amp;__cft__[0]=AZXRWrElVMqhWIYFV4yamoKa5PvNQQ1W2K3tc0fZJa6EgPVC_UxzZk04bSd8NPYTiTbRI4yLp-8Sr1PjkmTJ4VTT0kfVc7Pg0e5GtHQH2eLL8mEjdKUfkqNzy0lPJ0fndhMW9cYtkyNZqDp-xplO-vOH09fpvVSNozolPrmqbbx7K3Eh9CXjV4WjBX06y3uGXW7ThCJjBNPekhwP-4yHWeFc&amp;__tn__=*NK-R\">#Milei<\/a><a href=\"https:\/\/www.facebook.com\/hashtag\/javiermilei?__eep__=6&amp;__cft__[0]=AZXRWrElVMqhWIYFV4yamoKa5PvNQQ1W2K3tc0fZJa6EgPVC_UxzZk04bSd8NPYTiTbRI4yLp-8Sr1PjkmTJ4VTT0kfVc7Pg0e5GtHQH2eLL8mEjdKUfkqNzy0lPJ0fndhMW9cYtkyNZqDp-xplO-vOH09fpvVSNozolPrmqbbx7K3Eh9CXjV4WjBX06y3uGXW7ThCJjBNPekhwP-4yHWeFc&amp;__tn__=*NK-R\">#JavierMilei<\/a><a href=\"https:\/\/www.facebook.com\/hashtag\/jubilados?__eep__=6&amp;__cft__[0]=AZXRWrElVMqhWIYFV4yamoKa5PvNQQ1W2K3tc0fZJa6EgPVC_UxzZk04bSd8NPYTiTbRI4yLp-8Sr1PjkmTJ4VTT0kfVc7Pg0e5GtHQH2eLL8mEjdKUfkqNzy0lPJ0fndhMW9cYtkyNZqDp-xplO-vOH09fpvVSNozolPrmqbbx7K3Eh9CXjV4WjBX06y3uGXW7ThCJjBNPekhwP-4yHWeFc&amp;__tn__=*NK-R\">#Jubilados<\/a><a href=\"https:\/\/www.facebook.com\/hashtag\/diputados?__eep__=6&amp;__cft__[0]=AZXRWrElVMqhWIYFV4yamoKa5PvNQQ1W2K3tc0fZJa6EgPVC_UxzZk04bSd8NPYTiTbRI4yLp-8Sr1PjkmTJ4VTT0kfVc7Pg0e5GtHQH2eLL8mEjdKUfkqNzy0lPJ0fndhMW9cYtkyNZqDp-xplO-vOH09fpvVSNozolPrmqbbx7K3Eh9CXjV4WjBX06y3uGXW7ThCJjBNPekhwP-4yHWeFc&amp;__tn__=*NK-R\">#Diputados<\/a><a href=\"https:\/\/www.facebook.com\/hashtag\/latameconomicforum?__eep__=6&amp;__cft__[0]=AZXRWrElVMqhWIYFV4yamoKa5PvNQQ1W2K3tc0fZJa6EgPVC_UxzZk04bSd8NPYTiTbRI4yLp-8Sr1PjkmTJ4VTT0kfVc7Pg0e5GtHQH2eLL8mEjdKUfkqNzy0lPJ0fndhMW9cYtkyNZqDp-xplO-vOH09fpvVSNozolPrmqbbx7K3Eh9CXjV4WjBX06y3uGXW7ThCJjBNPekhwP-4yHWeFc&amp;__tn__=*NK-R\">#LatamEconomicForum<\/a><\/p>\n","protected":false},"excerpt":{"rendered":"<p>El Presidente particip\u00f3 este mi\u00e9rcoles en el cierre del Latam Economic Forum 2024, que se realiz\u00f3 en el complejo Parque Norte. El jefe de Estado defini\u00f3 como \u201cdegenerados fiscales\u201d a los diputados nacionales que impulsaron el proyecto legislativo que fue aprobado en la C\u00e1mara baja. \u201cCada vez que los degenerados fiscales de la pol\u00edtica quieran<\/p>\n","protected":false},"author":2,"featured_media":5198,"comment_status":"open","ping_status":"open","sticky":false,"template":"","format":"standard","meta":{"om_disable_all_campaigns":false,"_monsterinsights_skip_tracking":false,"_monsterinsights_sitenote_active":false,"_monsterinsights_sitenote_note":"","_monsterinsights_sitenote_category":0,"footnotes":""},"categories":[2],"tags":[569,177],"class_list":["post-5197","post","type-post","status-publish","format-standard","has-post-thumbnail","hentry","category-actualidad","tag-despidos","tag-milei"],"_links":{"self":[{"href":"https:\/\/periodicodigitaltuc.com\/index.php\/wp-json\/wp\/v2\/posts\/5197","targetHints":{"allow":["GET"]}}],"collection":[{"href":"https:\/\/periodicodigitaltuc.com\/index.php\/wp-json\/wp\/v2\/posts"}],"about":[{"href":"https:\/\/periodicodigitaltuc.com\/index.php\/wp-json\/wp\/v2\/types\/post"}],"author":[{"embeddable":true,"href":"https:\/\/periodicodigitaltuc.com\/index.php\/wp-json\/wp\/v2\/users\/2"}],"replies":[{"embeddable":true,"href":"https:\/\/periodicodigitaltuc.com\/index.php\/wp-json\/wp\/v2\/comments?post=5197"}],"version-history":[{"count":1,"href":"https:\/\/periodicodigitaltuc.com\/index.php\/wp-json\/wp\/v2\/posts\/5197\/revisions"}],"predecessor-version":[{"id":5199,"href":"https:\/\/periodicodigitaltuc.com\/index.php\/wp-json\/wp\/v2\/posts\/5197\/revisions\/5199"}],"wp:featuredmedia":[{"embeddable":true,"href":"https:\/\/periodicodigitaltuc.com\/index.php\/wp-json\/wp\/v2\/media\/5198"}],"wp:attachment":[{"href":"https:\/\/periodicodigitaltuc.com\/index.php\/wp-json\/wp\/v2\/media?parent=5197"}],"wp:term":[{"taxonomy":"category","embeddable":true,"href":"https:\/\/periodicodigitaltuc.com\/index.php\/wp-json\/wp\/v2\/categories?post=5197"},{"taxonomy":"post_tag","embeddable":true,"href":"https:\/\/periodicodigitaltuc.com\/index.php\/wp-json\/wp\/v2\/tags?post=5197"}],"curies":[{"name":"wp","href":"https:\/\/api.w.org\/{rel}","templated":true}]}}